{"id":6097,"date":"2026-03-27T10:13:32","date_gmt":"2026-03-27T10:13:32","guid":{"rendered":"https:\/\/www.positivemayo.com\/?p=6097"},"modified":"2026-03-27T10:13:35","modified_gmt":"2026-03-27T10:13:35","slug":"la-cantine-des-arbustes","status":"publish","type":"post","link":"https:\/\/www.positivemayo.com\/en\/la-cantine-des-arbustes\/","title":{"rendered":"La Cantine des Arbustes"},"content":{"rendered":"\t\t<div data-elementor-type=\"wp-post\" data-elementor-id=\"6097\" class=\"elementor elementor-6097 elementor-5718\" data-elementor-post-type=\"post\">\n\t\t\t\t<div class=\"elementor-element elementor-element-46050747 e-flex e-con-boxed e-con e-parent\" data-id=\"46050747\" data-element_type=\"container\" data-e-type=\"container\">\n\t\t\t\t\t<div class=\"e-con-inner\">\n\t\t\t\t<div class=\"elementor-element elementor-element-63282003 elementor-widget elementor-widget-text-editor\" data-id=\"63282003\" data-element_type=\"widget\" data-e-type=\"widget\" data-widget_type=\"text-editor.default\">\n\t\t\t\t<div class=\"elementor-widget-container\">\n\t\t\t\t\t\t\t\t\t\n<p>An initiative by Refugee Food. <\/p>\n\n\n\n<p>At the heart of La Cantine des Arbustes, a third-party food aid center in Paris (14th arrondissement), focused on accessibility to quality food: the space transforms throughout the day to offer a unique culinary and human experience, adapted to the needs of each individual! In the morning, the restaurant is open to all, while in the afternoon, the canteen becomes a shared kitchen for local families living in social housing. <\/p>\n\n\n\n<p>Much more than just a place to eat, this welcoming space \u2014 where solidarity and kindness prevail \u2014 fosters social inclusion by bringing together a diverse community.<\/p>\n\n\n\n<p>&nbsp;Here, everyone is welcome, everyone eats the same thing, but not at the same price \ud83d\udc9b&nbsp;<\/p>\n\n\n\n<p>The production manager, accompanied by 6 volunteers, prepares the same fair, tasty and balanced cuisine for everyone. Only the price varies according to individual resources: <\/p>\n\n\n\n<p>Free for scholarship students (levels 5 to 8) and recipients of social benefits <\/p>\n\n\n\n<p>Tarif pr\u00e9f\u00e9rentiel (carn\u00e9 6\u20ac, v\u00e9g\u00e9tarien 4,50\u20ac) pour tous les \u00e9tudiants, sur \u00e9valuation des minimas sociaux ainsi que pour les r\u00e9sidents du foyer de migrant au-dessus de la Cantine<\/p>\n\n\n\n<p>Reduced price (\u20ac6 meat \/ \u20ac4.50 vegetarian) for all students (based on eligibility for social benefits) as well as residents of the migrant housing above the canteen<\/p>\n\n\n\n<p>Are you eligible for free or reduced fares? Come to the ticket office to apply and assess your situation with the team! <\/p>\n\n\n\n<p>Practical information:<\/p>\n\n\n\n<p>\ud83d\udcc6 restaurant open Monday to Friday<\/p>\n\n\n\n<p>\ud83d\udd66 11:30 a.m. to 2:30 p.m.<\/p>\n\n\n\n<p>\ud83d\udccd La Cantine des Arbustes (5, rue des Arbustes, 75014)<\/p>\n\n\n\n<p>\ud83e\uddc2 50 seats<\/p>\n\n\n\n<p>\ud83d\udece\ufe0f Groups of more than 5 people: please book at arbustes@refugee-food.org : <a href=\"mailto:arbustes@refugee-food.org\" target=\"_blank\" rel=\"noreferrer noopener\">arbustes@refugee-food.org<\/a><\/p>\n\t\t\t\t\t\t\t\t<\/div>\n\t\t\t\t<\/div>\n\t\t\t\t\t<\/div>\n\t\t\t\t<\/div>\n\t\t<div class=\"elementor-element elementor-element-ae8bc07 e-flex e-con-boxed e-con e-parent\" data-id=\"ae8bc07\" data-element_type=\"container\" data-e-type=\"container\">\n\t\t\t\t\t<div class=\"e-con-inner\">\n\t\t\t\t<div class=\"elementor-element elementor-element-3344d6e elementor-widget elementor-widget-image\" data-id=\"3344d6e\" data-element_type=\"widget\" data-e-type=\"widget\" data-widget_type=\"image.default\">\n\t\t\t\t<div class=\"elementor-widget-container\">\n\t\t\t\t\t\t\t\t\t\t\t\t\t\t\t<img fetchpriority=\"high\" decoding=\"async\" width=\"800\" height=\"534\" src=\"https:\/\/www.positivemayo.com\/wp-content\/uploads\/2025\/12\/La-cantine-des-arbustes_RefugeeFood_\u00a9Anne-Claire-Heraud-28-1024x683.jpg\" class=\"attachment-large size-large wp-image-6096\" alt=\"\" srcset=\"https:\/\/www.positivemayo.com\/wp-content\/uploads\/2025\/12\/La-cantine-des-arbustes_RefugeeFood_\u00a9Anne-Claire-Heraud-28-1024x683.jpg 1024w, https:\/\/www.positivemayo.com\/wp-content\/uploads\/2025\/12\/La-cantine-des-arbustes_RefugeeFood_\u00a9Anne-Claire-Heraud-28-300x200.jpg 300w, https:\/\/www.positivemayo.com\/wp-content\/uploads\/2025\/12\/La-cantine-des-arbustes_RefugeeFood_\u00a9Anne-Claire-Heraud-28-768x512.jpg 768w, https:\/\/www.positivemayo.com\/wp-content\/uploads\/2025\/12\/La-cantine-des-arbustes_RefugeeFood_\u00a9Anne-Claire-Heraud-28.jpg 1312w\" sizes=\"(max-width: 800px) 100vw, 800px\" \/>\t\t\t\t\t\t\t\t\t\t\t\t\t\t\t<\/div>\n\t\t\t\t<\/div>\n\t\t\t\t\t<\/div>\n\t\t\t\t<\/div>\n\t\t\t\t<\/div>\n\t\t","protected":false},"excerpt":{"rendered":"<p>An initiative by Refugee Food. At the heart of La Cantine des Arbustes, a third-party food aid center in Paris (14th arrondissement), focused on accessibility to quality food: the space transforms throughout the day to offer a unique culinary and human experience, adapted to the needs of each individual! In the morning, the restaurant is [&hellip;]<\/p>\n","protected":false},"author":2,"featured_media":6096,"comment_status":"closed","ping_status":"closed","sticky":false,"template":"","format":"standard","meta":{"_acf_changed":false,"footnotes":""},"categories":[1],"tags":[],"class_list":["post-6097","post","type-post","status-publish","format-standard","has-post-thumbnail","hentry","category-miscellanious"],"acf":[],"yoast_head":"<!-- This site is optimized with the Yoast SEO Premium plugin v21.1 (Yoast SEO v27.4) - https:\/\/yoast.com\/product\/yoast-seo-premium-wordpress\/ -->\n<title>La Cantine des Arbustes - Positive Mayo<\/title>\n<meta name=\"robots\" content=\"index, follow, max-snippet:-1, max-image-preview:large, max-video-preview:-1\" \/>\n<link rel=\"canonical\" href=\"https:\/\/www.positivemayo.com\/en\/la-cantine-des-arbustes\/\" \/>\n<meta property=\"og:locale\" content=\"en_US\" \/>\n<meta property=\"og:type\" content=\"article\" \/>\n<meta property=\"og:title\" content=\"La Cantine des Arbustes\" \/>\n<meta property=\"og:description\" content=\"An initiative by Refugee Food. At the heart of La Cantine des Arbustes, a third-party food aid center in Paris (14th arrondissement), focused on accessibility to quality food: the space transforms throughout the day to offer a unique culinary and human experience, adapted to the needs of each individual! In the morning, the restaurant is [&hellip;]\" \/>\n<meta property=\"og:url\" content=\"https:\/\/www.positivemayo.com\/en\/la-cantine-des-arbustes\/\" \/>\n<meta property=\"og:site_name\" content=\"Positive Mayo\" \/>\n<meta property=\"article:published_time\" content=\"2026-03-27T10:13:32+00:00\" \/>\n<meta property=\"article:modified_time\" content=\"2026-03-27T10:13:35+00:00\" \/>\n<meta property=\"og:image\" content=\"https:\/\/www.positivemayo.com\/wp-content\/uploads\/2025\/12\/La-cantine-des-arbustes_RefugeeFood_\u00a9Anne-Claire-Heraud-28.jpg\" \/>\n\t<meta property=\"og:image:width\" content=\"1312\" \/>\n\t<meta property=\"og:image:height\" content=\"875\" \/>\n\t<meta property=\"og:image:type\" content=\"image\/jpeg\" \/>\n<meta name=\"author\" content=\"Catherine Guerin\" \/>\n<meta name=\"twitter:card\" content=\"summary_large_image\" \/>\n<meta name=\"twitter:label1\" content=\"Written by\" \/>\n\t<meta name=\"twitter:data1\" content=\"Catherine Guerin\" \/>\n\t<meta name=\"twitter:label2\" content=\"Est. reading time\" \/>\n\t<meta name=\"twitter:data2\" content=\"1 minute\" \/>\n<script type=\"application\/ld+json\" class=\"yoast-schema-graph\">{\"@context\":\"https:\\\/\\\/schema.org\",\"@graph\":[{\"@type\":\"Article\",\"@id\":\"https:\\\/\\\/www.positivemayo.com\\\/en\\\/la-cantine-des-arbustes\\\/#article\",\"isPartOf\":{\"@id\":\"https:\\\/\\\/www.positivemayo.com\\\/en\\\/la-cantine-des-arbustes\\\/\"},\"author\":{\"name\":\"Catherine Guerin\",\"@id\":\"https:\\\/\\\/www.positivemayo.com\\\/#\\\/schema\\\/person\\\/5f9bd6f12dfde9899708e41584e3dd8f\"},\"headline\":\"La Cantine des Arbustes\",\"datePublished\":\"2026-03-27T10:13:32+00:00\",\"dateModified\":\"2026-03-27T10:13:35+00:00\",\"mainEntityOfPage\":{\"@id\":\"https:\\\/\\\/www.positivemayo.com\\\/en\\\/la-cantine-des-arbustes\\\/\"},\"wordCount\":267,\"publisher\":{\"@id\":\"https:\\\/\\\/www.positivemayo.com\\\/#organization\"},\"image\":{\"@id\":\"https:\\\/\\\/www.positivemayo.com\\\/en\\\/la-cantine-des-arbustes\\\/#primaryimage\"},\"thumbnailUrl\":\"https:\\\/\\\/www.positivemayo.com\\\/wp-content\\\/uploads\\\/2025\\\/12\\\/La-cantine-des-arbustes_RefugeeFood_\u00a9Anne-Claire-Heraud-28.jpg\",\"articleSection\":[\"Miscellanious\"],\"inLanguage\":\"en-US\"},{\"@type\":\"WebPage\",\"@id\":\"https:\\\/\\\/www.positivemayo.com\\\/en\\\/la-cantine-des-arbustes\\\/\",\"url\":\"https:\\\/\\\/www.positivemayo.com\\\/en\\\/la-cantine-des-arbustes\\\/\",\"name\":\"La Cantine des Arbustes - Positive Mayo\",\"isPartOf\":{\"@id\":\"https:\\\/\\\/www.positivemayo.com\\\/#website\"},\"primaryImageOfPage\":{\"@id\":\"https:\\\/\\\/www.positivemayo.com\\\/en\\\/la-cantine-des-arbustes\\\/#primaryimage\"},\"image\":{\"@id\":\"https:\\\/\\\/www.positivemayo.com\\\/en\\\/la-cantine-des-arbustes\\\/#primaryimage\"},\"thumbnailUrl\":\"https:\\\/\\\/www.positivemayo.com\\\/wp-content\\\/uploads\\\/2025\\\/12\\\/La-cantine-des-arbustes_RefugeeFood_\u00a9Anne-Claire-Heraud-28.jpg\",\"datePublished\":\"2026-03-27T10:13:32+00:00\",\"dateModified\":\"2026-03-27T10:13:35+00:00\",\"breadcrumb\":{\"@id\":\"https:\\\/\\\/www.positivemayo.com\\\/en\\\/la-cantine-des-arbustes\\\/#breadcrumb\"},\"inLanguage\":\"en-US\",\"potentialAction\":[{\"@type\":\"ReadAction\",\"target\":[\"https:\\\/\\\/www.positivemayo.com\\\/en\\\/la-cantine-des-arbustes\\\/\"]}]},{\"@type\":\"ImageObject\",\"inLanguage\":\"en-US\",\"@id\":\"https:\\\/\\\/www.positivemayo.com\\\/en\\\/la-cantine-des-arbustes\\\/#primaryimage\",\"url\":\"https:\\\/\\\/www.positivemayo.com\\\/wp-content\\\/uploads\\\/2025\\\/12\\\/La-cantine-des-arbustes_RefugeeFood_\u00a9Anne-Claire-Heraud-28.jpg\",\"contentUrl\":\"https:\\\/\\\/www.positivemayo.com\\\/wp-content\\\/uploads\\\/2025\\\/12\\\/La-cantine-des-arbustes_RefugeeFood_\u00a9Anne-Claire-Heraud-28.jpg\",\"width\":1312,\"height\":875},{\"@type\":\"BreadcrumbList\",\"@id\":\"https:\\\/\\\/www.positivemayo.com\\\/en\\\/la-cantine-des-arbustes\\\/#breadcrumb\",\"itemListElement\":[{\"@type\":\"ListItem\",\"position\":1,\"name\":\"Accueil\",\"item\":\"https:\\\/\\\/www.positivemayo.com\\\/en\\\/homepage\\\/\"},{\"@type\":\"ListItem\",\"position\":2,\"name\":\"La Cantine des Arbustes\"}]},{\"@type\":\"WebSite\",\"@id\":\"https:\\\/\\\/www.positivemayo.com\\\/#website\",\"url\":\"https:\\\/\\\/www.positivemayo.com\\\/\",\"name\":\"Positive Mayo\",\"description\":\"Comitted Chefs for a better world\",\"publisher\":{\"@id\":\"https:\\\/\\\/www.positivemayo.com\\\/#organization\"},\"potentialAction\":[{\"@type\":\"SearchAction\",\"target\":{\"@type\":\"EntryPoint\",\"urlTemplate\":\"https:\\\/\\\/www.positivemayo.com\\\/?s={search_term_string}\"},\"query-input\":{\"@type\":\"PropertyValueSpecification\",\"valueRequired\":true,\"valueName\":\"search_term_string\"}}],\"inLanguage\":\"en-US\"},{\"@type\":\"Organization\",\"@id\":\"https:\\\/\\\/www.positivemayo.com\\\/#organization\",\"name\":\"Positive Mayo\",\"url\":\"https:\\\/\\\/www.positivemayo.com\\\/\",\"logo\":{\"@type\":\"ImageObject\",\"inLanguage\":\"en-US\",\"@id\":\"https:\\\/\\\/www.positivemayo.com\\\/#\\\/schema\\\/logo\\\/image\\\/\",\"url\":\"https:\\\/\\\/www.positivemayo.com\\\/wp-content\\\/uploads\\\/2024\\\/07\\\/cropped-PM-font-transparent.png\",\"contentUrl\":\"https:\\\/\\\/www.positivemayo.com\\\/wp-content\\\/uploads\\\/2024\\\/07\\\/cropped-PM-font-transparent.png\",\"width\":3506,\"height\":1002,\"caption\":\"Positive Mayo\"},\"image\":{\"@id\":\"https:\\\/\\\/www.positivemayo.com\\\/#\\\/schema\\\/logo\\\/image\\\/\"}},{\"@type\":\"Person\",\"@id\":\"https:\\\/\\\/www.positivemayo.com\\\/#\\\/schema\\\/person\\\/5f9bd6f12dfde9899708e41584e3dd8f\",\"name\":\"Catherine Guerin\",\"image\":{\"@type\":\"ImageObject\",\"inLanguage\":\"en-US\",\"@id\":\"https:\\\/\\\/secure.gravatar.com\\\/avatar\\\/bc265509c0e91d84b868f42fa8f823ddffad25288963d963d98804abe8781578?s=96&d=mm&r=g\",\"url\":\"https:\\\/\\\/secure.gravatar.com\\\/avatar\\\/bc265509c0e91d84b868f42fa8f823ddffad25288963d963d98804abe8781578?s=96&d=mm&r=g\",\"contentUrl\":\"https:\\\/\\\/secure.gravatar.com\\\/avatar\\\/bc265509c0e91d84b868f42fa8f823ddffad25288963d963d98804abe8781578?s=96&d=mm&r=g\",\"caption\":\"Catherine Guerin\"},\"sameAs\":[\"https:\\\/\\\/www.positivemayo.com\\\/\"],\"url\":\"https:\\\/\\\/www.positivemayo.com\\\/en\\\/author\\\/catherine-guerintoquesconnection-com\\\/\"}]}<\/script>\n<!-- \/ Yoast SEO Premium plugin. -->","yoast_head_json":{"title":"La Cantine des Arbustes - Positive Mayo","robots":{"index":"index","follow":"follow","max-snippet":"max-snippet:-1","max-image-preview":"max-image-preview:large","max-video-preview":"max-video-preview:-1"},"canonical":"https:\/\/www.positivemayo.com\/en\/la-cantine-des-arbustes\/","og_locale":"en_US","og_type":"article","og_title":"La Cantine des Arbustes","og_description":"An initiative by Refugee Food. At the heart of La Cantine des Arbustes, a third-party food aid center in Paris (14th arrondissement), focused on accessibility to quality food: the space transforms throughout the day to offer a unique culinary and human experience, adapted to the needs of each individual! In the morning, the restaurant is [&hellip;]","og_url":"https:\/\/www.positivemayo.com\/en\/la-cantine-des-arbustes\/","og_site_name":"Positive Mayo","article_published_time":"2026-03-27T10:13:32+00:00","article_modified_time":"2026-03-27T10:13:35+00:00","og_image":[{"width":1312,"height":875,"url":"https:\/\/www.positivemayo.com\/wp-content\/uploads\/2025\/12\/La-cantine-des-arbustes_RefugeeFood_\u00a9Anne-Claire-Heraud-28.jpg","type":"image\/jpeg"}],"author":"Catherine Guerin","twitter_card":"summary_large_image","twitter_misc":{"Written by":"Catherine Guerin","Est. reading time":"1 minute"},"schema":{"@context":"https:\/\/schema.org","@graph":[{"@type":"Article","@id":"https:\/\/www.positivemayo.com\/en\/la-cantine-des-arbustes\/#article","isPartOf":{"@id":"https:\/\/www.positivemayo.com\/en\/la-cantine-des-arbustes\/"},"author":{"name":"Catherine Guerin","@id":"https:\/\/www.positivemayo.com\/#\/schema\/person\/5f9bd6f12dfde9899708e41584e3dd8f"},"headline":"La Cantine des Arbustes","datePublished":"2026-03-27T10:13:32+00:00","dateModified":"2026-03-27T10:13:35+00:00","mainEntityOfPage":{"@id":"https:\/\/www.positivemayo.com\/en\/la-cantine-des-arbustes\/"},"wordCount":267,"publisher":{"@id":"https:\/\/www.positivemayo.com\/#organization"},"image":{"@id":"https:\/\/www.positivemayo.com\/en\/la-cantine-des-arbustes\/#primaryimage"},"thumbnailUrl":"https:\/\/www.positivemayo.com\/wp-content\/uploads\/2025\/12\/La-cantine-des-arbustes_RefugeeFood_\u00a9Anne-Claire-Heraud-28.jpg","articleSection":["Miscellanious"],"inLanguage":"en-US"},{"@type":"WebPage","@id":"https:\/\/www.positivemayo.com\/en\/la-cantine-des-arbustes\/","url":"https:\/\/www.positivemayo.com\/en\/la-cantine-des-arbustes\/","name":"La Cantine des Arbustes - Positive Mayo","isPartOf":{"@id":"https:\/\/www.positivemayo.com\/#website"},"primaryImageOfPage":{"@id":"https:\/\/www.positivemayo.com\/en\/la-cantine-des-arbustes\/#primaryimage"},"image":{"@id":"https:\/\/www.positivemayo.com\/en\/la-cantine-des-arbustes\/#primaryimage"},"thumbnailUrl":"https:\/\/www.positivemayo.com\/wp-content\/uploads\/2025\/12\/La-cantine-des-arbustes_RefugeeFood_\u00a9Anne-Claire-Heraud-28.jpg","datePublished":"2026-03-27T10:13:32+00:00","dateModified":"2026-03-27T10:13:35+00:00","breadcrumb":{"@id":"https:\/\/www.positivemayo.com\/en\/la-cantine-des-arbustes\/#breadcrumb"},"inLanguage":"en-US","potentialAction":[{"@type":"ReadAction","target":["https:\/\/www.positivemayo.com\/en\/la-cantine-des-arbustes\/"]}]},{"@type":"ImageObject","inLanguage":"en-US","@id":"https:\/\/www.positivemayo.com\/en\/la-cantine-des-arbustes\/#primaryimage","url":"https:\/\/www.positivemayo.com\/wp-content\/uploads\/2025\/12\/La-cantine-des-arbustes_RefugeeFood_\u00a9Anne-Claire-Heraud-28.jpg","contentUrl":"https:\/\/www.positivemayo.com\/wp-content\/uploads\/2025\/12\/La-cantine-des-arbustes_RefugeeFood_\u00a9Anne-Claire-Heraud-28.jpg","width":1312,"height":875},{"@type":"BreadcrumbList","@id":"https:\/\/www.positivemayo.com\/en\/la-cantine-des-arbustes\/#breadcrumb","itemListElement":[{"@type":"ListItem","position":1,"name":"Accueil","item":"https:\/\/www.positivemayo.com\/en\/homepage\/"},{"@type":"ListItem","position":2,"name":"La Cantine des Arbustes"}]},{"@type":"WebSite","@id":"https:\/\/www.positivemayo.com\/#website","url":"https:\/\/www.positivemayo.com\/","name":"Positive Mayo","description":"Comitted Chefs for a better world","publisher":{"@id":"https:\/\/www.positivemayo.com\/#organization"},"potentialAction":[{"@type":"SearchAction","target":{"@type":"EntryPoint","urlTemplate":"https:\/\/www.positivemayo.com\/?s={search_term_string}"},"query-input":{"@type":"PropertyValueSpecification","valueRequired":true,"valueName":"search_term_string"}}],"inLanguage":"en-US"},{"@type":"Organization","@id":"https:\/\/www.positivemayo.com\/#organization","name":"Positive Mayo","url":"https:\/\/www.positivemayo.com\/","logo":{"@type":"ImageObject","inLanguage":"en-US","@id":"https:\/\/www.positivemayo.com\/#\/schema\/logo\/image\/","url":"https:\/\/www.positivemayo.com\/wp-content\/uploads\/2024\/07\/cropped-PM-font-transparent.png","contentUrl":"https:\/\/www.positivemayo.com\/wp-content\/uploads\/2024\/07\/cropped-PM-font-transparent.png","width":3506,"height":1002,"caption":"Positive Mayo"},"image":{"@id":"https:\/\/www.positivemayo.com\/#\/schema\/logo\/image\/"}},{"@type":"Person","@id":"https:\/\/www.positivemayo.com\/#\/schema\/person\/5f9bd6f12dfde9899708e41584e3dd8f","name":"Catherine Guerin","image":{"@type":"ImageObject","inLanguage":"en-US","@id":"https:\/\/secure.gravatar.com\/avatar\/bc265509c0e91d84b868f42fa8f823ddffad25288963d963d98804abe8781578?s=96&d=mm&r=g","url":"https:\/\/secure.gravatar.com\/avatar\/bc265509c0e91d84b868f42fa8f823ddffad25288963d963d98804abe8781578?s=96&d=mm&r=g","contentUrl":"https:\/\/secure.gravatar.com\/avatar\/bc265509c0e91d84b868f42fa8f823ddffad25288963d963d98804abe8781578?s=96&d=mm&r=g","caption":"Catherine Guerin"},"sameAs":["https:\/\/www.positivemayo.com\/"],"url":"https:\/\/www.positivemayo.com\/en\/author\/catherine-guerintoquesconnection-com\/"}]}},"_links":{"self":[{"href":"https:\/\/www.positivemayo.com\/en\/wp-json\/wp\/v2\/posts\/6097","targetHints":{"allow":["GET"]}}],"collection":[{"href":"https:\/\/www.positivemayo.com\/en\/wp-json\/wp\/v2\/posts"}],"about":[{"href":"https:\/\/www.positivemayo.com\/en\/wp-json\/wp\/v2\/types\/post"}],"author":[{"embeddable":true,"href":"https:\/\/www.positivemayo.com\/en\/wp-json\/wp\/v2\/users\/2"}],"replies":[{"embeddable":true,"href":"https:\/\/www.positivemayo.com\/en\/wp-json\/wp\/v2\/comments?post=6097"}],"version-history":[{"count":4,"href":"https:\/\/www.positivemayo.com\/en\/wp-json\/wp\/v2\/posts\/6097\/revisions"}],"predecessor-version":[{"id":6104,"href":"https:\/\/www.positivemayo.com\/en\/wp-json\/wp\/v2\/posts\/6097\/revisions\/6104"}],"wp:featuredmedia":[{"embeddable":true,"href":"https:\/\/www.positivemayo.com\/en\/wp-json\/wp\/v2\/media\/6096"}],"wp:attachment":[{"href":"https:\/\/www.positivemayo.com\/en\/wp-json\/wp\/v2\/media?parent=6097"}],"wp:term":[{"taxonomy":"category","embeddable":true,"href":"https:\/\/www.positivemayo.com\/en\/wp-json\/wp\/v2\/categories?post=6097"},{"taxonomy":"post_tag","embeddable":true,"href":"https:\/\/www.positivemayo.com\/en\/wp-json\/wp\/v2\/tags?post=6097"}],"curies":[{"name":"wp","href":"https:\/\/api.w.org\/{rel}","templated":true}]}}